{"id":819,"date":"2017-08-27T02:27:44","date_gmt":"2017-08-27T05:27:44","guid":{"rendered":"http:\/\/www.politicaeprocesso.ufpr.br\/?p=819"},"modified":"2017-08-27T02:27:44","modified_gmt":"2017-08-27T05:27:44","slug":"legislacao-em-vigor","status":"publish","type":"post","link":"http:\/\/www.politicaeprocesso.ufpr.br\/index.php\/legislacao-em-vigor\/","title":{"rendered":"Legisla\u00e7\u00e3o em vigor"},"content":{"rendered":"<p>Confira abaixo alguns diplomas normativos brasileiros de destaque relacionados \u00e0s tem\u00e1ticas trabalhadas pelo grupo de pesquisa:<\/p>\n<p><a href=\"http:\/\/www.planalto.gov.br\/ccivil_03\/constituicao\/constituicao.htm\" target=\"_blank\">Constitui\u00e7\u00e3o da Rep\u00fablica<br \/>\n<\/a>English version\u00a0<a href=\"http:\/\/www.stf.jus.br\/repositorio\/cms\/portalStfInternacional\/portalStfSobreCorte_en_us\/anexo\/Constitution_2013.pdf\" target=\"_blank\">here<\/a>\u00a0(with alterations introduced by Constitutional Amendments No. 1\/1992 through 72\/2013 and by Revision Constitutional Amendments No. 1\/1994 through 6\/1994)<\/p>\n<p><a href=\"http:\/\/www.planalto.gov.br\/ccivil_03\/_ato2015-2018\/2015\/lei\/l13105.htm\" target=\"_blank\">C\u00f3digo de Processo Civil<\/a><br \/>\n(veja\u00a0<a href=\"http:\/\/www.planalto.gov.br\/ccivil_03\/leis\/L5869.htm\" target=\"_blank\">aqui<\/a>\u00a0o c\u00f3digo revogado, de 1973)<\/p>\n<p><a href=\"http:\/\/www.planalto.gov.br\/ccivil_03\/leis\/L7347orig.htm\" target=\"_blank\">Lei da A\u00e7\u00e3o Civil P\u00fablica<br \/>\n<\/a><a href=\"http:\/\/www.planalto.gov.br\/ccivil_03\/leis\/L8078.htm\" target=\"_blank\">C\u00f3digo de Defesa do Consumidor (v.\u00a0T\u00edtulo III)<\/a><br \/>\n<a href=\"http:\/\/www.planalto.gov.br\/Ccivil_03\/leis\/L4717.htm\" target=\"_blank\">Lei da A\u00e7\u00e3o Popular<\/a><br \/>\n<a href=\"http:\/\/www.planalto.gov.br\/ccivil_03\/leis\/L8429.htm\" target=\"_blank\">Lei de Improbidade Administrativa<br \/>\n<\/a><a href=\"http:\/\/www.planalto.gov.br\/ccivil_03\/_ato2007-2010\/2009\/lei\/l12016.htm\" target=\"_blank\">Lei do Mandado de Seguran\u00e7a (individual e coletivo)<br \/>\n<\/a><a href=\"http:\/\/www.planalto.gov.br\/ccivil_03\/_ato2015-2018\/2016\/Lei\/L13300.htm\" target=\"_blank\">Lei do Mandado de Injun\u00e7\u00e3o (individual e coletivo)<\/a>\u00a0<a href=\"http:\/\/www.planalto.gov.br\/ccivil_03\/_ato2007-2010\/2009\/lei\/l12016.htm\" target=\"_blank\"><br \/>\n<\/a><a href=\"http:\/\/www.planalto.gov.br\/ccivil_03\/leis\/L9868.htm\" target=\"_blank\">Lei da A\u00e7\u00e3o Direta de Inconstitucionalidade e Declarat\u00f3ria de Constitucionalidade<\/a><br \/>\n<a href=\"http:\/\/www.planalto.gov.br\/ccivil_03\/leis\/L9868.htm\" target=\"_blank\">Lei da Argui\u00e7\u00e3o de Descumprimento de Preceito Fundamental<\/a><\/p>\n<p><a href=\"http:\/\/www.planalto.gov.br\/ccivil_03\/_ato2004-2006\/2006\/lei\/l11417.htm\" target=\"_blank\">Lei\u00a0sobre s\u00famulas vinculantes<\/a><br \/>\n<a href=\"http:\/\/www.planalto.gov.br\/ccivil_03\/leis\/L8038.htm\" target=\"_blank\">Lei\u00a0sobre processo nos tribunais (STF e STJ)<\/a><\/p>\n","protected":false},"excerpt":{"rendered":"<p>Confira abaixo alguns diplomas normativos brasileiros de destaque relacionados \u00e0s tem\u00e1ticas trabalhadas pelo grupo de pesquisa: Constitui\u00e7\u00e3o da Rep\u00fablica English version\u00a0here\u00a0(with alterations introduced by Constitutional Amendments No. 1\/1992 through 72\/2013 and by Revision Constitutional Amendments No. 1\/1994 through 6\/1994) C\u00f3digo de Processo Civil (veja\u00a0aqui\u00a0o c\u00f3digo revogado, de 1973) Lei da A\u00e7\u00e3o Civil P\u00fablica C\u00f3digo de [&hellip;]<\/p>\n","protected":false},"author":1,"featured_media":0,"comment_status":"open","ping_status":"open","sticky":false,"template":"","format":"standard","meta":[],"categories":[34],"tags":[],"material":[144],"_links":{"self":[{"href":"http:\/\/www.politicaeprocesso.ufpr.br\/index.php\/wp-json\/wp\/v2\/posts\/819"}],"collection":[{"href":"http:\/\/www.politicaeprocesso.ufpr.br\/index.php\/wp-json\/wp\/v2\/posts"}],"about":[{"href":"http:\/\/www.politicaeprocesso.ufpr.br\/index.php\/wp-json\/wp\/v2\/types\/post"}],"author":[{"embeddable":true,"href":"http:\/\/www.politicaeprocesso.ufpr.br\/index.php\/wp-json\/wp\/v2\/users\/1"}],"replies":[{"embeddable":true,"href":"http:\/\/www.politicaeprocesso.ufpr.br\/index.php\/wp-json\/wp\/v2\/comments?post=819"}],"version-history":[{"count":1,"href":"http:\/\/www.politicaeprocesso.ufpr.br\/index.php\/wp-json\/wp\/v2\/posts\/819\/revisions"}],"predecessor-version":[{"id":820,"href":"http:\/\/www.politicaeprocesso.ufpr.br\/index.php\/wp-json\/wp\/v2\/posts\/819\/revisions\/820"}],"wp:attachment":[{"href":"http:\/\/www.politicaeprocesso.ufpr.br\/index.php\/wp-json\/wp\/v2\/media?parent=819"}],"wp:term":[{"taxonomy":"category","embeddable":true,"href":"http:\/\/www.politicaeprocesso.ufpr.br\/index.php\/wp-json\/wp\/v2\/categories?post=819"},{"taxonomy":"post_tag","embeddable":true,"href":"http:\/\/www.politicaeprocesso.ufpr.br\/index.php\/wp-json\/wp\/v2\/tags?post=819"},{"taxonomy":"material","embeddable":true,"href":"http:\/\/www.politicaeprocesso.ufpr.br\/index.php\/wp-json\/wp\/v2\/material?post=819"}],"curies":[{"name":"wp","href":"https:\/\/api.w.org\/{rel}","templated":true}]}}