{"id":1561,"date":"2019-04-21T00:58:42","date_gmt":"2019-04-21T03:58:42","guid":{"rendered":"http:\/\/www.politicaeprocesso.ufpr.br\/?p=1561"},"modified":"2019-05-07T23:42:13","modified_gmt":"2019-05-08T02:42:13","slug":"audiencia-publica-realeza","status":"publish","type":"post","link":"http:\/\/www.politicaeprocesso.ufpr.br\/index.php\/audiencia-publica-realeza\/","title":{"rendered":"Justi\u00e7a Estadual da Comarca de Realeza\/PR realizar\u00e1 audi\u00eancia p\u00fablica sobre a cria\u00e7\u00e3o de parque ambiental na \u201cLinha da Gruta\u201d \u2013 30\/05\/2019 (Execu\u00e7\u00e3o de TAC n.\u00ba 0000077-89.2019.8.16.0141)"},"content":{"rendered":"<p class=\"p1\" style=\"text-align: justify;\">No dia 30\/05\/2019 (\u00e0s 18h30min), na sala do Tribunal do J\u00fari da Comarca Realeza\/PR, ser\u00e1 realizada audi\u00eancia p\u00fablica em que o Munic\u00edpio de Realeza apresentar\u00e1 projeto alternativo para implementa\u00e7\u00e3o de parque ambiental no local chamado \u201cLinha da Gruta\u201d, no contexto de execu\u00e7\u00e3o de termo de ajustamento de conduta \u2013 TAC proposta pelo Minist\u00e9rio P\u00fablico do Paran\u00e1 (autos n.\u00ba 0000077-89.2019.8.16.0141). Al\u00e9m dos representantes do Minist\u00e9rio P\u00fablico, Poder Judici\u00e1rio e Munic\u00edpio, foram convidados para participar do ato os moradores da \u00e1rea em que ser\u00e1 criado o parque, o Conselho Municipal do Meio Ambiente, representantes da Universidade Federal Fronteira Sul (com sede na Comarca) e a comunidade em geral.<\/p>\n<p class=\"p1\" style=\"text-align: justify;\">Conforme destacado na peti\u00e7\u00e3o inicial da a\u00e7\u00e3o (<a href=\"http:\/\/www.politicaeprocesso.ufpr.br\/wp-content\/uploads\/2019\/04\/01PeticaoInicial.pdf\" target=\"_blank\" rel=\"noopener\">veja aqui<\/a>), o loteamento denominado<span class=\"Apple-converted-space\">\u00a0 <\/span>\u201cLinha da Gruta\u201d (\u201cLoteamento Cazaca\u201d) \u00e9 uma \u00e1rea de preserva\u00e7\u00e3o permanente, pr\u00f3ximo a c\u00f3rregos e ao Rio Sarandi. O loteamento decorre de parcelamento irregular do solo, originado quando algumas pessoas receberam t\u00edtulos de propriedade em raz\u00e3o de a\u00e7\u00e3o judicial trabalhista contra a empresa Cazaca, que teve sua fal\u00eancia decretada.<\/p>\n<p class=\"p1\" style=\"text-align: justify;\">No ano de 2012, o Minist\u00e9rio P\u00fablico local celebrou como o Munic\u00edpio de Realeza o referido TAC, em que a municipalidade comprometeu-se a promover a realoca\u00e7\u00e3o das pessoas que constru\u00edram casas em \u00e1rea de prote\u00e7\u00e3o ambiental, bem como implantar um parque ecol\u00f3gico no local. Entendendo-se que o ajuste foi parcialmente descumprido, foi ajuizada a execu\u00e7\u00e3o judicial do TAC. Considerando o grande valor da multa incidente pelo descumprimento da obriga\u00e7\u00e3o, bem como a possibilidade de apresenta\u00e7\u00e3o de projeto alternativo para a cria\u00e7\u00e3o do parque ambiental, dentro das limita\u00e7\u00f5es or\u00e7ament\u00e1rias de um munic\u00edpio de pequeno porte, o Minist\u00e9rio P\u00fablico e o munic\u00edpio buscam firmar um novo acordo sobre a quest\u00e3o, que atenda os interesses da comunidade e das pessoas diretamente atingidas pelo problema. Na audi\u00eancia p\u00fablica ser\u00e3o ouvidos diversos setores da sociedade, buscando-se garantir que o problema seja resolvido de forma democr\u00e1tica, com todos os setores da popula\u00e7\u00e3o adequadamente representados no debate.<\/p>\n<p>A realiza\u00e7\u00e3o da audi\u00eancia p\u00fablica foi decida conjuntamente na audi\u00eancia de concilia\u00e7\u00e3o de 10\/04\/2019 (<a href=\"http:\/\/www.politicaeprocesso.ufpr.br\/wp-content\/uploads\/2019\/04\/TERMOALEG.15DIAS.pdf\" target=\"_blank\" rel=\"noopener\">veja aqui<\/a>).<\/p>\n<p>O andamento processual pode ser consultado <a href=\"https:\/\/projudi.tjpr.jus.br\/projudi_consulta\/\" target=\"_blank\" rel=\"noopener\">aqui<\/a>, utilizando-se o n\u00famero do processo\u00a00000077-89.2019.8.16.0141.<\/p>\n<p>&nbsp;<\/p>\n<p>&nbsp;<\/p>\n<p>Contribui\u00e7\u00e3o de:\u00a0Rog\u00e9rio Rudiniki Neto, Mestre em Direito pela UFPR e Promotor de Justi\u00e7a atuante no caso.<\/p>\n<hr \/>\n<h6><em>As postagens desta se\u00e7\u00e3o t\u00eam como finalidade conferir publicidade a decis\u00f5es ou outros atos processuais, n\u00e3o representando qualquer opini\u00e3o institucional do n\u00facleo de pesquisa a respeito.<\/em><\/h6>\n","protected":false},"excerpt":{"rendered":"<p>No dia 30\/05\/2019 (\u00e0s 18h30min), na sala do Tribunal do J\u00fari da Comarca Realeza\/PR, ser\u00e1 realizada audi\u00eancia p\u00fablica em que o Munic\u00edpio de Realeza apresentar\u00e1 projeto alternativo para implementa\u00e7\u00e3o de parque ambiental no local chamado \u201cLinha da Gruta\u201d, no contexto de execu\u00e7\u00e3o de termo de ajustamento de conduta \u2013 TAC proposta pelo Minist\u00e9rio P\u00fablico do [&hellip;]<\/p>\n","protected":false},"author":1,"featured_media":0,"comment_status":"open","ping_status":"open","sticky":false,"template":"","format":"standard","meta":[],"categories":[145,33],"tags":[],"material":[],"_links":{"self":[{"href":"http:\/\/www.politicaeprocesso.ufpr.br\/index.php\/wp-json\/wp\/v2\/posts\/1561"}],"collection":[{"href":"http:\/\/www.politicaeprocesso.ufpr.br\/index.php\/wp-json\/wp\/v2\/posts"}],"about":[{"href":"http:\/\/www.politicaeprocesso.ufpr.br\/index.php\/wp-json\/wp\/v2\/types\/post"}],"author":[{"embeddable":true,"href":"http:\/\/www.politicaeprocesso.ufpr.br\/index.php\/wp-json\/wp\/v2\/users\/1"}],"replies":[{"embeddable":true,"href":"http:\/\/www.politicaeprocesso.ufpr.br\/index.php\/wp-json\/wp\/v2\/comments?post=1561"}],"version-history":[{"count":12,"href":"http:\/\/www.politicaeprocesso.ufpr.br\/index.php\/wp-json\/wp\/v2\/posts\/1561\/revisions"}],"predecessor-version":[{"id":1574,"href":"http:\/\/www.politicaeprocesso.ufpr.br\/index.php\/wp-json\/wp\/v2\/posts\/1561\/revisions\/1574"}],"wp:attachment":[{"href":"http:\/\/www.politicaeprocesso.ufpr.br\/index.php\/wp-json\/wp\/v2\/media?parent=1561"}],"wp:term":[{"taxonomy":"category","embeddable":true,"href":"http:\/\/www.politicaeprocesso.ufpr.br\/index.php\/wp-json\/wp\/v2\/categories?post=1561"},{"taxonomy":"post_tag","embeddable":true,"href":"http:\/\/www.politicaeprocesso.ufpr.br\/index.php\/wp-json\/wp\/v2\/tags?post=1561"},{"taxonomy":"material","embeddable":true,"href":"http:\/\/www.politicaeprocesso.ufpr.br\/index.php\/wp-json\/wp\/v2\/material?post=1561"}],"curies":[{"name":"wp","href":"https:\/\/api.w.org\/{rel}","templated":true}]}}