{"id":1230,"date":"2018-02-22T09:45:49","date_gmt":"2018-02-22T12:45:49","guid":{"rendered":"http:\/\/www.politicaeprocesso.ufpr.br\/?p=1230"},"modified":"2018-02-22T18:35:26","modified_gmt":"2018-02-22T21:35:26","slug":"acordo-planos-economicos-min-lewandowski","status":"publish","type":"post","link":"http:\/\/www.politicaeprocesso.ufpr.br\/index.php\/acordo-planos-economicos-min-lewandowski\/","title":{"rendered":"Acordo coletivo sobre os planos econ\u00f4micos, objeto da ADPF 165, foi homologado pelo Min. Ricardo Lewandowski. Decis\u00e3o monocr\u00e1tica ser\u00e1 deliberada pelo Plen\u00e1rio do STF"},"content":{"rendered":"<p style=\"text-align: justify;\">O Ministro Ricardo Lewandowski, do Supremo Tribunal Federal (STF), homologou na quinta-feira, 16.02.2018, acordo coletivo na Argui\u00e7\u00e3o de Descumprimento de Preceito Fundamental (ADPF) 165, que trata do pagamento de diferen\u00e7as de expurgos inflacion\u00e1rios relativos aos planos econ\u00f4micos Bresser, Ver\u00e3o e Collor II. Quanto ao Plano Collor I, as partes pactuaram que n\u00e3o ser\u00e1 devido nenhum pagamento.<\/p>\n<p style=\"text-align: justify;\">O julgamento pelo Plen\u00e1rio do Supremo Tribunal Federal para delibera\u00e7\u00e3o e julgamento da monocr\u00e1tica est\u00e1 pautado para o dia 01.03.2018.<\/p>\n<p style=\"text-align: justify;\">Para mais informa\u00e7\u00f5es sobre a decis\u00e3o do Min. Ricardo Lewandowski que homologou, por meio de decis\u00e3o monocr\u00e1tica a referendo do Plen\u00e1rio, <a href=\"http:\/\/www.stf.jus.br\/portal\/cms\/verNoticiaDetalhe.asp?idConteudo=369681\" target=\"_blank\">veja aqui<\/a> a not\u00edcia publicada no s\u00edtio eletr\u00f4nico do STF.<\/p>\n","protected":false},"excerpt":{"rendered":"<p>O Ministro Ricardo Lewandowski, do Supremo Tribunal Federal (STF), homologou na quinta-feira, 16.02.2018, acordo coletivo na Argui\u00e7\u00e3o de Descumprimento de Preceito Fundamental (ADPF) 165, que trata do pagamento de diferen\u00e7as de expurgos inflacion\u00e1rios relativos aos planos econ\u00f4micos Bresser, Ver\u00e3o e Collor II. Quanto ao Plano Collor I, as partes pactuaram que n\u00e3o ser\u00e1 devido nenhum [&hellip;]<\/p>\n","protected":false},"author":1,"featured_media":0,"comment_status":"open","ping_status":"open","sticky":false,"template":"","format":"standard","meta":[],"categories":[4,33],"tags":[],"material":[143],"_links":{"self":[{"href":"http:\/\/www.politicaeprocesso.ufpr.br\/index.php\/wp-json\/wp\/v2\/posts\/1230"}],"collection":[{"href":"http:\/\/www.politicaeprocesso.ufpr.br\/index.php\/wp-json\/wp\/v2\/posts"}],"about":[{"href":"http:\/\/www.politicaeprocesso.ufpr.br\/index.php\/wp-json\/wp\/v2\/types\/post"}],"author":[{"embeddable":true,"href":"http:\/\/www.politicaeprocesso.ufpr.br\/index.php\/wp-json\/wp\/v2\/users\/1"}],"replies":[{"embeddable":true,"href":"http:\/\/www.politicaeprocesso.ufpr.br\/index.php\/wp-json\/wp\/v2\/comments?post=1230"}],"version-history":[{"count":4,"href":"http:\/\/www.politicaeprocesso.ufpr.br\/index.php\/wp-json\/wp\/v2\/posts\/1230\/revisions"}],"predecessor-version":[{"id":1232,"href":"http:\/\/www.politicaeprocesso.ufpr.br\/index.php\/wp-json\/wp\/v2\/posts\/1230\/revisions\/1232"}],"wp:attachment":[{"href":"http:\/\/www.politicaeprocesso.ufpr.br\/index.php\/wp-json\/wp\/v2\/media?parent=1230"}],"wp:term":[{"taxonomy":"category","embeddable":true,"href":"http:\/\/www.politicaeprocesso.ufpr.br\/index.php\/wp-json\/wp\/v2\/categories?post=1230"},{"taxonomy":"post_tag","embeddable":true,"href":"http:\/\/www.politicaeprocesso.ufpr.br\/index.php\/wp-json\/wp\/v2\/tags?post=1230"},{"taxonomy":"material","embeddable":true,"href":"http:\/\/www.politicaeprocesso.ufpr.br\/index.php\/wp-json\/wp\/v2\/material?post=1230"}],"curies":[{"name":"wp","href":"https:\/\/api.w.org\/{rel}","templated":true}]}}